{"id":83,"count":17,"description":"<span style=\"font-size: 16px\">Las velas est\u00e1n hechas seg\u00fan nuestros propios dise\u00f1os. Se pueden tener en cuenta solicitudes y ajustes individuales. Hay varios colores de cera disponibles. Los motivos y las fuentes pueden combinarse individualmente o crearse a partir de plantillas. Estamos encantados de ayudarle. <\/span>","link":"https:\/\/www.paramente.net\/es\/catalog\/devotionalien\/kerzen\/","name":"Dise\u00f1os propios de velas","slug":"kerzen","taxonomy":"product_cat","parent":68,"meta":[],"menu_order":0,"yoast_head":"<!-- This site is optimized with the Yoast SEO plugin v27.5 - https:\/\/yoast.com\/product\/yoast-seo-wordpress\/ -->\n<title>Kerzen-Eigene Designs Archive - Clemens Jansen &amp; Co<\/title>\n<meta name=\"robots\" content=\"index, follow, max-snippet:-1, max-image-preview:large, max-video-preview:-1\" \/>\n<link rel=\"canonical\" href=\"https:\/\/www.paramente.net\/es\/catalog\/devotionalien\/kerzen\/\" \/>\n<meta property=\"og:locale\" content=\"es_ES\" \/>\n<meta property=\"og:type\" content=\"article\" \/>\n<meta property=\"og:title\" content=\"Kerzen-Eigene Designs Archive - Clemens Jansen &amp; Co\" \/>\n<meta property=\"og:description\" content=\"Die Kerzen werden nach unseren eigenen Designs gefertigt. W\u00fcnsche und individuelle Anpassungen k\u00f6nnen ber\u00fccksichtigt werden. Es stehen mehrere Wachsfarben zur Verf\u00fcgung. Motive und Schriften k\u00f6nnen individuell zusammengestellt oder nach Vorlage neu erstellt werden. Wir beraten Sie gerne.\" \/>\n<meta property=\"og:url\" content=\"https:\/\/www.paramente.net\/es\/catalog\/devotionalien\/kerzen\/\" \/>\n<meta property=\"og:site_name\" content=\"Clemens Jansen &amp; Co\" \/>\n<meta name=\"twitter:card\" content=\"summary_large_image\" \/>\n<script type=\"application\/ld+json\" class=\"yoast-schema-graph\">{\"@context\":\"https:\\\/\\\/schema.org\",\"@graph\":[{\"@type\":\"CollectionPage\",\"@id\":\"https:\\\/\\\/www.paramente.net\\\/catalog\\\/devotionalien\\\/kerzen\\\/\",\"url\":\"https:\\\/\\\/www.paramente.net\\\/catalog\\\/devotionalien\\\/kerzen\\\/\",\"name\":\"Kerzen-Eigene Designs Archive - Clemens Jansen &amp; Co\",\"isPartOf\":{\"@id\":\"https:\\\/\\\/www.paramente.net\\\/#website\"},\"breadcrumb\":{\"@id\":\"https:\\\/\\\/www.paramente.net\\\/catalog\\\/devotionalien\\\/kerzen\\\/#breadcrumb\"},\"inLanguage\":\"es\"},{\"@type\":\"BreadcrumbList\",\"@id\":\"https:\\\/\\\/www.paramente.net\\\/catalog\\\/devotionalien\\\/kerzen\\\/#breadcrumb\",\"itemListElement\":[{\"@type\":\"ListItem\",\"position\":1,\"name\":\"Startseite\",\"item\":\"https:\\\/\\\/www.paramente.net\\\/\"},{\"@type\":\"ListItem\",\"position\":2,\"name\":\"Devotionalien\",\"item\":\"https:\\\/\\\/www.paramente.net\\\/catalog\\\/devotionalien\\\/\"},{\"@type\":\"ListItem\",\"position\":3,\"name\":\"Kerzen-Eigene Designs\"}]},{\"@type\":\"WebSite\",\"@id\":\"https:\\\/\\\/www.paramente.net\\\/#website\",\"url\":\"https:\\\/\\\/www.paramente.net\\\/\",\"name\":\"Clemens Jansen & Co\",\"description\":\"Hersteller und Lieferant f\u00fcr individuellen Kirchenbedarf\",\"publisher\":{\"@id\":\"https:\\\/\\\/www.paramente.net\\\/#organization\"},\"potentialAction\":[{\"@type\":\"SearchAction\",\"target\":{\"@type\":\"EntryPoint\",\"urlTemplate\":\"https:\\\/\\\/www.paramente.net\\\/?s={search_term_string}\"},\"query-input\":{\"@type\":\"PropertyValueSpecification\",\"valueRequired\":true,\"valueName\":\"search_term_string\"}}],\"inLanguage\":\"es\"},{\"@type\":\"Organization\",\"@id\":\"https:\\\/\\\/www.paramente.net\\\/#organization\",\"name\":\"Clemens Jansen & Co\",\"url\":\"https:\\\/\\\/www.paramente.net\\\/\",\"logo\":{\"@type\":\"ImageObject\",\"inLanguage\":\"es\",\"@id\":\"https:\\\/\\\/www.paramente.net\\\/#\\\/schema\\\/logo\\\/image\\\/\",\"url\":\"https:\\\/\\\/www.paramente.net\\\/wp-content\\\/uploads\\\/2016\\\/11\\\/paramente-logo.png\",\"contentUrl\":\"https:\\\/\\\/www.paramente.net\\\/wp-content\\\/uploads\\\/2016\\\/11\\\/paramente-logo.png\",\"width\":162,\"height\":162,\"caption\":\"Clemens Jansen & Co\"},\"image\":{\"@id\":\"https:\\\/\\\/www.paramente.net\\\/#\\\/schema\\\/logo\\\/image\\\/\"}}]}<\/script>\n<!-- \/ Yoast SEO plugin. -->","yoast_head_json":{"title":"Archivo de dise\u00f1os propios de velas - clemens jansen &amp; co","robots":{"index":"index","follow":"follow","max-snippet":"max-snippet:-1","max-image-preview":"max-image-preview:large","max-video-preview":"max-video-preview:-1"},"canonical":"https:\/\/www.paramente.net\/es\/catalog\/devotionalien\/kerzen\/","og_locale":"es_ES","og_type":"article","og_title":"Kerzen-Eigene Designs Archive - Clemens Jansen &amp; Co","og_description":"Die Kerzen werden nach unseren eigenen Designs gefertigt. W\u00fcnsche und individuelle Anpassungen k\u00f6nnen ber\u00fccksichtigt werden. Es stehen mehrere Wachsfarben zur Verf\u00fcgung. Motive und Schriften k\u00f6nnen individuell zusammengestellt oder nach Vorlage neu erstellt werden. Wir beraten Sie gerne.","og_url":"https:\/\/www.paramente.net\/es\/catalog\/devotionalien\/kerzen\/","og_site_name":"Clemens Jansen &amp; Co","twitter_card":"summary_large_image","schema":{"@context":"https:\/\/schema.org","@graph":[{"@type":"CollectionPage","@id":"https:\/\/www.paramente.net\/catalog\/devotionalien\/kerzen\/","url":"https:\/\/www.paramente.net\/catalog\/devotionalien\/kerzen\/","name":"Archivo de dise\u00f1os propios de velas - clemens jansen &amp; co","isPartOf":{"@id":"https:\/\/www.paramente.net\/#website"},"breadcrumb":{"@id":"https:\/\/www.paramente.net\/catalog\/devotionalien\/kerzen\/#breadcrumb"},"inLanguage":"es"},{"@type":"BreadcrumbList","@id":"https:\/\/www.paramente.net\/catalog\/devotionalien\/kerzen\/#breadcrumb","itemListElement":[{"@type":"ListItem","position":1,"name":"Startseite","item":"https:\/\/www.paramente.net\/"},{"@type":"ListItem","position":2,"name":"Devotionalien","item":"https:\/\/www.paramente.net\/catalog\/devotionalien\/"},{"@type":"ListItem","position":3,"name":"Kerzen-Eigene Designs"}]},{"@type":"WebSite","@id":"https:\/\/www.paramente.net\/#website","url":"https:\/\/www.paramente.net\/","name":"Clemens Jansen &amp; Co","description":"Fabricante y proveedor para las necesidades individuales de la iglesia.","publisher":{"@id":"https:\/\/www.paramente.net\/#organization"},"potentialAction":[{"@type":"SearchAction","target":{"@type":"EntryPoint","urlTemplate":"https:\/\/www.paramente.net\/?s={search_term_string}"},"query-input":{"@type":"PropertyValueSpecification","valueRequired":true,"valueName":"search_term_string"}}],"inLanguage":"es"},{"@type":"Organization","@id":"https:\/\/www.paramente.net\/#organization","name":"Clemens Jansen &amp; Co","url":"https:\/\/www.paramente.net\/","logo":{"@type":"ImageObject","inLanguage":"es","@id":"https:\/\/www.paramente.net\/#\/schema\/logo\/image\/","url":"https:\/\/www.paramente.net\/wp-content\/uploads\/2016\/11\/paramente-logo.png","contentUrl":"https:\/\/www.paramente.net\/wp-content\/uploads\/2016\/11\/paramente-logo.png","width":162,"height":162,"caption":"Clemens Jansen & Co"},"image":{"@id":"https:\/\/www.paramente.net\/#\/schema\/logo\/image\/"}}]}},"_links":{"self":[{"href":"https:\/\/www.paramente.net\/es\/wp-json\/wp\/v2\/product_cat\/83","targetHints":{"allow":["GET"]}}],"collection":[{"href":"https:\/\/www.paramente.net\/es\/wp-json\/wp\/v2\/product_cat"}],"about":[{"href":"https:\/\/www.paramente.net\/es\/wp-json\/wp\/v2\/taxonomies\/product_cat"}],"up":[{"embeddable":true,"href":"https:\/\/www.paramente.net\/es\/wp-json\/wp\/v2\/product_cat\/68"}],"wp:post_type":[{"href":"https:\/\/www.paramente.net\/es\/wp-json\/wp\/v2\/product?product_cat=83"}],"curies":[{"name":"wp","href":"https:\/\/api.w.org\/{rel}","templated":true}]}}